{"id":370,"date":"2025-07-14T22:22:39","date_gmt":"2025-07-14T22:22:39","guid":{"rendered":"https:\/\/saojosedalaje.al.gov.br\/?p=370"},"modified":"2025-07-14T22:22:39","modified_gmt":"2025-07-14T22:22:39","slug":"educacao-de-sao-jose-da-laje-garante-2-lugar-no-indice-de-criancas-alfabetizadas-na-idade-certa","status":"publish","type":"post","link":"https:\/\/saojosedalaje.al.gov.br\/?p=370","title":{"rendered":"Educa\u00e7\u00e3o de S\u00e3o Jos\u00e9 da Laje garante 2\u00b0 lugar no \u00edndice de crian\u00e7as alfabetizadas na idade certa"},"content":{"rendered":"\n<p>O munic\u00edpio de S\u00e3o Jos\u00e9 da Laje vem ocupando lugar de destaque nas avalia\u00e7\u00f5es de alfabetiza\u00e7\u00e3o ao longo desses \u00faltimos 10 anos, conforme dados divulgados pelo MEC. Resultado de um processo bem articulado, do ponto de vista da qualidade do ensino ofertado pela Rede Municipal.<\/p>\n\n\n\n<p>A gest\u00e3o da Prefeita Angela Vanessa e da Vice-prefeita Ravena de Neno, destaca-se pelo trabalho s\u00e9rio e compromissado com os estudantes lajenses, tendo todas as metas atingidas, e, inclusive, as tra\u00e7adas at\u00e9 2030, que era 80% das crian\u00e7as alfabetizadas, superadas.<\/p>\n\n\n\n<p>O destaque para S\u00e3o Jos\u00e9 da Laje que \u00e9 refer\u00eancia tamb\u00e9m em educa\u00e7\u00e3o, coloca o munic\u00edpio em 2\u00b0 lugar no Estado de Alagoas em alfabetiza\u00e7\u00e3o, pois a Gest\u00e3o Municipal tem proporcionado forma\u00e7\u00f5es continuadas, tem melhorado a infraestrutura de todas as Unidades Escolares, bem como desenvolve estudos por meio do Sistema Scliar, no Pacto Nacional pela Alfabetiza\u00e7\u00e3o, da Provinha Brasil e dos programas Tempo de Aprender, Recupera Mais Brasil e Escola 10.<\/p>\n\n\n\n<p>Entusiasmadas com o resultado, a prefeita Vanessa e a Vice Ravena de Neno, por meio das redes sociais, ressaltaram que todo esfor\u00e7o \u00e9 v\u00e1lido em prol da comunidade, e o trabalho tem sido colhido a partir desses resultados, que repercute nos excelentes indicadores de qualidade educacional na Rede de Ensino de S\u00e3o Jos\u00e9 da Laje.<\/p>\n","protected":false},"excerpt":{"rendered":"<p>O munic\u00edpio de S\u00e3o Jos\u00e9 da Laje vem ocupando lugar de destaque nas avalia\u00e7\u00f5es de alfabetiza\u00e7\u00e3o ao longo desses \u00faltimos 10 anos, conforme dados divulgados pelo MEC. Resultado de um processo bem articulado, do ponto de vista da qualidade do ensino ofertado pela Rede Municipal. A gest\u00e3o da Prefeita Angela Vanessa e da Vice-prefeita Ravena [&hellip;]<\/p>\n","protected":false},"author":3,"featured_media":367,"comment_status":"open","ping_status":"open","sticky":false,"template":"","format":"standard","meta":{"ngg_post_thumbnail":0,"footnotes":""},"categories":[2,1],"tags":[],"class_list":["post-370","post","type-post","status-publish","format-standard","has-post-thumbnail","hentry","category-destaques","category-noticias"],"views":116,"_links":{"self":[{"href":"https:\/\/saojosedalaje.al.gov.br\/index.php?rest_route=\/wp\/v2\/posts\/370","targetHints":{"allow":["GET"]}}],"collection":[{"href":"https:\/\/saojosedalaje.al.gov.br\/index.php?rest_route=\/wp\/v2\/posts"}],"about":[{"href":"https:\/\/saojosedalaje.al.gov.br\/index.php?rest_route=\/wp\/v2\/types\/post"}],"author":[{"embeddable":true,"href":"https:\/\/saojosedalaje.al.gov.br\/index.php?rest_route=\/wp\/v2\/users\/3"}],"replies":[{"embeddable":true,"href":"https:\/\/saojosedalaje.al.gov.br\/index.php?rest_route=%2Fwp%2Fv2%2Fcomments&post=370"}],"version-history":[{"count":1,"href":"https:\/\/saojosedalaje.al.gov.br\/index.php?rest_route=\/wp\/v2\/posts\/370\/revisions"}],"predecessor-version":[{"id":371,"href":"https:\/\/saojosedalaje.al.gov.br\/index.php?rest_route=\/wp\/v2\/posts\/370\/revisions\/371"}],"wp:featuredmedia":[{"embeddable":true,"href":"https:\/\/saojosedalaje.al.gov.br\/index.php?rest_route=\/wp\/v2\/media\/367"}],"wp:attachment":[{"href":"https:\/\/saojosedalaje.al.gov.br\/index.php?rest_route=%2Fwp%2Fv2%2Fmedia&parent=370"}],"wp:term":[{"taxonomy":"category","embeddable":true,"href":"https:\/\/saojosedalaje.al.gov.br\/index.php?rest_route=%2Fwp%2Fv2%2Fcategories&post=370"},{"taxonomy":"post_tag","embeddable":true,"href":"https:\/\/saojosedalaje.al.gov.br\/index.php?rest_route=%2Fwp%2Fv2%2Ftags&post=370"}],"curies":[{"name":"wp","href":"https:\/\/api.w.org\/{rel}","templated":true}]}}