{"id":468,"date":"2026-04-30T13:49:48","date_gmt":"2026-04-30T13:49:48","guid":{"rendered":"https:\/\/saojosedalaje.al.gov.br\/?p=468"},"modified":"2026-04-30T13:49:50","modified_gmt":"2026-04-30T13:49:50","slug":"314-familias-de-sao-jose-da-laje-recebem-titulos-de-propriedade-do-programa-moradia-legal","status":"publish","type":"post","link":"https:\/\/saojosedalaje.al.gov.br\/?p=468","title":{"rendered":"314 Fam\u00edlias de S\u00e3o Jos\u00e9 da Laje recebem t\u00edtulos de propriedade do Programa Moradia Legal"},"content":{"rendered":"\n<p>O Programa de regulariza\u00e7\u00e3o fundi\u00e1ria do Tribunal de Justi\u00e7a de Alagoas (TJ-AL) &#8211; Moradia Legal, em parceria com a Prefeitura de S\u00e3o Jos\u00e9 da Laje, nesta sexta-feira (24), entregou 314 t\u00edtulos de propriedade de casas.<\/p>\n\n\n\n<p>A cerim\u00f4nia contou com a presen\u00e7a da prefeita Angela Vanessa, da vice-prefeita Ravena de Neno, al\u00e9m de demais autoridades municipais e representantes do Poder Judici\u00e1rio, que prestigiaram esse momento hist\u00f3rico para centenas de fam\u00edlias lajenses.<\/p>\n\n\n\n<p>O programa \u00e9 fruto de uma parceria s\u00f3lida entre o TJAL, a Corregedoria-Geral da Justi\u00e7a de Alagoas (CGJ), a Associa\u00e7\u00e3o dos Not\u00e1rios e Registradores de Alagoas (Anoreg\/AL) e a Prefeitura de S\u00e3o Jos\u00e9 da Laje. Em edi\u00e7\u00f5es anteriores, milhares de fam\u00edlias j\u00e1 foram contempladas na regi\u00e3o.<\/p>\n\n\n\n<p>A a\u00e7\u00e3o garante seguran\u00e7a jur\u00eddica e reconhecimento oficial da posse dos im\u00f3veis, proporcionando mais tranquilidade, dignidade e cidadania para os moradores contemplados.<\/p>\n\n\n\n<p>A entrega dos t\u00edtulos representa um passo fundamental para o desenvolvimento urbano de S\u00e3o Jos\u00e9 da Laje, transformando a realidade de muitos lajenses que esperavam h\u00e1 d\u00e9cadas por este documento.<\/p>\n\n\n\n<p>O evento foi marcado por emo\u00e7\u00e3o e gratid\u00e3o das fam\u00edlias que receberam a documenta\u00e7\u00e3o definitiva de seus lares, concretizando um sonho aguardado h\u00e1 muitos anos.<\/p>\n\n\n\n<figure class=\"wp-block-image size-large\"><img loading=\"lazy\" decoding=\"async\" width=\"1024\" height=\"681\" src=\"https:\/\/saojosedalaje.al.gov.br\/wp-content\/uploads\/2026\/04\/MORADIA-LEGAL-1024x681.jpeg\" alt=\"\" class=\"wp-image-462\" srcset=\"https:\/\/saojosedalaje.al.gov.br\/wp-content\/uploads\/2026\/04\/MORADIA-LEGAL-1024x681.jpeg 1024w, https:\/\/saojosedalaje.al.gov.br\/wp-content\/uploads\/2026\/04\/MORADIA-LEGAL-300x199.jpeg 300w, https:\/\/saojosedalaje.al.gov.br\/wp-content\/uploads\/2026\/04\/MORADIA-LEGAL-768x511.jpeg 768w, https:\/\/saojosedalaje.al.gov.br\/wp-content\/uploads\/2026\/04\/MORADIA-LEGAL.jpeg 1280w\" sizes=\"auto, (max-width: 1024px) 100vw, 1024px\" \/><\/figure>\n","protected":false},"excerpt":{"rendered":"<p>O Programa de regulariza\u00e7\u00e3o fundi\u00e1ria do Tribunal de Justi\u00e7a de Alagoas (TJ-AL) &#8211; Moradia Legal, em parceria com a Prefeitura de S\u00e3o Jos\u00e9 da Laje, nesta sexta-feira (24), entregou 314 t\u00edtulos de propriedade de casas. A cerim\u00f4nia contou com a presen\u00e7a da prefeita Angela Vanessa, da vice-prefeita Ravena de Neno, al\u00e9m de demais autoridades municipais [&hellip;]<\/p>\n","protected":false},"author":3,"featured_media":0,"comment_status":"open","ping_status":"open","sticky":false,"template":"","format":"standard","meta":{"ngg_post_thumbnail":0,"footnotes":""},"categories":[1],"tags":[],"class_list":["post-468","post","type-post","status-publish","format-standard","hentry","category-noticias"],"views":1,"_links":{"self":[{"href":"https:\/\/saojosedalaje.al.gov.br\/index.php?rest_route=\/wp\/v2\/posts\/468","targetHints":{"allow":["GET"]}}],"collection":[{"href":"https:\/\/saojosedalaje.al.gov.br\/index.php?rest_route=\/wp\/v2\/posts"}],"about":[{"href":"https:\/\/saojosedalaje.al.gov.br\/index.php?rest_route=\/wp\/v2\/types\/post"}],"author":[{"embeddable":true,"href":"https:\/\/saojosedalaje.al.gov.br\/index.php?rest_route=\/wp\/v2\/users\/3"}],"replies":[{"embeddable":true,"href":"https:\/\/saojosedalaje.al.gov.br\/index.php?rest_route=%2Fwp%2Fv2%2Fcomments&post=468"}],"version-history":[{"count":2,"href":"https:\/\/saojosedalaje.al.gov.br\/index.php?rest_route=\/wp\/v2\/posts\/468\/revisions"}],"predecessor-version":[{"id":470,"href":"https:\/\/saojosedalaje.al.gov.br\/index.php?rest_route=\/wp\/v2\/posts\/468\/revisions\/470"}],"wp:attachment":[{"href":"https:\/\/saojosedalaje.al.gov.br\/index.php?rest_route=%2Fwp%2Fv2%2Fmedia&parent=468"}],"wp:term":[{"taxonomy":"category","embeddable":true,"href":"https:\/\/saojosedalaje.al.gov.br\/index.php?rest_route=%2Fwp%2Fv2%2Fcategories&post=468"},{"taxonomy":"post_tag","embeddable":true,"href":"https:\/\/saojosedalaje.al.gov.br\/index.php?rest_route=%2Fwp%2Fv2%2Ftags&post=468"}],"curies":[{"name":"wp","href":"https:\/\/api.w.org\/{rel}","templated":true}]}}